{"id":4255,"date":"2026-04-27T15:25:27","date_gmt":"2026-04-27T13:25:27","guid":{"rendered":"https:\/\/obsessionminerale.com\/?p=4255"},"modified":"2026-04-27T18:53:24","modified_gmt":"2026-04-27T16:53:24","slug":"pierre-minvielle-pionnier-du-canyonisme-et-explorateur-de-la-sierra-de-guara","status":"publish","type":"post","link":"https:\/\/obsessionminerale.com\/es\/pierre-minvielle-pionnier-du-canyonisme-et-explorateur-de-la-sierra-de-guara\/","title":{"rendered":"Pierre Minvielle, pionnier du canyonisme et explorateur de la Sierra de Guara"},"content":{"rendered":"<div class=\"wp-block-group\"><div class=\"wp-block-group__inner-container is-layout-constrained wp-block-group-is-layout-constrained\">\n<!--more-->\n<\/div><\/div>\n\n\n\n<p class=\"has-text-align-center\">Lorsque l\u2019on \u00e9voque la Sierra de Guara, ses gorges calcaires et ses eaux limpides, il est aujourd\u2019hui difficile d\u2019imaginer que ces canyons furent longtemps ignor\u00e9s, redout\u00e9s, voire consid\u00e9r\u00e9s comme infranchissables. Bien avant que le canyonisme ne devienne une discipline sportive reconnue, <strong>Pierre Minvielle<\/strong> a \u00e9t\u00e9 l\u2019un de ceux qui ont os\u00e9 s\u2019y aventurer, les explorer, les comprendre et surtout les raconter. Par ses explorations pionni\u00e8res et par ses \u00e9crits, il a jou\u00e9 un r\u00f4le d\u00e9terminant dans la d\u00e9couverte et la reconnaissance de la Sierra de Guara comme haut lieu mondial du canyonisme.<\/p>\n\n\n<div class=\"wp-block-image\">\n<figure class=\"aligncenter size-large\"><img loading=\"lazy\" decoding=\"async\" width=\"1024\" height=\"683\" src=\"https:\/\/obsessionminerale.com\/wp-content\/uploads\/2026\/02\/Paysage-Mascun-superieur-3-1024x683.jpg\" alt=\"Paysage Mascun superieur (3)\" class=\"wp-image-4256\" srcset=\"https:\/\/obsessionminerale.com\/wp-content\/uploads\/2026\/02\/Paysage-Mascun-superieur-3-1024x683.jpg 1024w, https:\/\/obsessionminerale.com\/wp-content\/uploads\/2026\/02\/Paysage-Mascun-superieur-3-300x200.jpg 300w, https:\/\/obsessionminerale.com\/wp-content\/uploads\/2026\/02\/Paysage-Mascun-superieur-3-768x512.jpg 768w, https:\/\/obsessionminerale.com\/wp-content\/uploads\/2026\/02\/Paysage-Mascun-superieur-3-1536x1025.jpg 1536w, https:\/\/obsessionminerale.com\/wp-content\/uploads\/2026\/02\/Paysage-Mascun-superieur-3-18x12.jpg 18w, https:\/\/obsessionminerale.com\/wp-content\/uploads\/2026\/02\/Paysage-Mascun-superieur-3-1170x780.jpg 1170w, https:\/\/obsessionminerale.com\/wp-content\/uploads\/2026\/02\/Paysage-Mascun-superieur-3.jpg 2000w\" sizes=\"auto, (max-width: 1024px) 100vw, 1024px\" \/><figcaption class=\"wp-element-caption\">Paysage Mascun superieur. Ph : Dominique Julien<\/figcaption><\/figure>\n<\/div>\n\n\n<p class=\"has-text-align-center\">Pierre Minvielle d\u00e9couvre la Sierra de Guara en <strong>1950<\/strong>, \u00e0 l\u2019\u00e2ge de quinze ans, lors d\u2019un s\u00e9jour avec son p\u00e8re, lui-m\u00eame tomb\u00e9 sous le charme des paysages de la r\u00e9gion. Ce premier contact avec les gorges du Mascun est une r\u00e9v\u00e9lation. \u00c0 cette \u00e9poque, Rodellar est un village isol\u00e9, pauvre, peu fr\u00e9quent\u00e9, et les canyons sont per\u00e7us comme des barri\u00e8res naturelles. Elles intriguent et effrayent. Pour Pierre Minvielle, au contraire, ces entailles profondes dans la roche deviennent un terrain d\u2019aventure et d\u2019exploration.<\/p>\n\n\n\n<p class=\"has-text-align-center\">D\u00e8s le d\u00e9but des ann\u00e9es 1950, Pierre Minvielle entreprend ses <strong>premi\u00e8res reconnaissances syst\u00e9matiques des canyons<\/strong> de Guara. A chaque sortie, il note ses observations ou dessine des croquis de paysages ou de canyons.<\/p>\n\n\n<div class=\"wp-block-image\">\n<figure class=\"aligncenter size-large\"><img loading=\"lazy\" decoding=\"async\" width=\"704\" height=\"1024\" src=\"https:\/\/obsessionminerale.com\/wp-content\/uploads\/2026\/02\/WhatsApp-Image-2026-02-26-at-21.16.02-704x1024.jpeg\" alt=\"croquis barranco canyon San Martin\" class=\"wp-image-4257\" srcset=\"https:\/\/obsessionminerale.com\/wp-content\/uploads\/2026\/02\/WhatsApp-Image-2026-02-26-at-21.16.02-704x1024.jpeg 704w, https:\/\/obsessionminerale.com\/wp-content\/uploads\/2026\/02\/WhatsApp-Image-2026-02-26-at-21.16.02-206x300.jpeg 206w, https:\/\/obsessionminerale.com\/wp-content\/uploads\/2026\/02\/WhatsApp-Image-2026-02-26-at-21.16.02-8x12.jpeg 8w, https:\/\/obsessionminerale.com\/wp-content\/uploads\/2026\/02\/WhatsApp-Image-2026-02-26-at-21.16.02.jpeg 726w\" sizes=\"auto, (max-width: 704px) 100vw, 704px\" \/><figcaption class=\"wp-element-caption\">Croquis du barranco de San Martin, aujourd&rsquo;hui notre Peonera Sup<\/figcaption><\/figure>\n<\/div>\n\n\n<p class=\"has-text-align-center\">Le canyonisme moderne n\u2019existe pas encore et ses \u00e9quipements tels que la combinaison n\u00e9opr\u00e8ne. L\u2019accoutrement de l\u2019\u00e9poque consiste en un chemise en coton et de grosses chaussettes en laine. Bref, ces explorations rel\u00e8vent d\u2019une v\u00e9ritable aventure pionni\u00e8re. En 1956, il r\u00e9alise la premi\u00e8re du Mascun Sup\u00e9rieur qui est un tournant marquant dans l&rsquo;histoire de la Sierra de Guara. Il est \u00e0 noter qu\u2019\u00e0 l\u2019\u00e9poque les premi\u00e8res de ces canyons s&rsquo;effectuent en les remontant pour \u00eatre s\u00fbr de pouvoir faire demi-tour s\u2019ils butent face \u00e0 un obstacle infranchissable.<br><\/p>\n\n\n<div class=\"wp-block-image\">\n<figure class=\"aligncenter size-large is-resized\"><img loading=\"lazy\" decoding=\"async\" width=\"648\" height=\"1024\" src=\"https:\/\/obsessionminerale.com\/wp-content\/uploads\/2026\/02\/WhatsApp-Image-2026-02-26-at-21.16.02-1-648x1024.jpeg\" alt=\"pierre minvielle canyoning\" class=\"wp-image-4258\" style=\"width:611px;height:auto\" srcset=\"https:\/\/obsessionminerale.com\/wp-content\/uploads\/2026\/02\/WhatsApp-Image-2026-02-26-at-21.16.02-1-648x1024.jpeg 648w, https:\/\/obsessionminerale.com\/wp-content\/uploads\/2026\/02\/WhatsApp-Image-2026-02-26-at-21.16.02-1-190x300.jpeg 190w, https:\/\/obsessionminerale.com\/wp-content\/uploads\/2026\/02\/WhatsApp-Image-2026-02-26-at-21.16.02-1-768x1214.jpeg 768w, https:\/\/obsessionminerale.com\/wp-content\/uploads\/2026\/02\/WhatsApp-Image-2026-02-26-at-21.16.02-1-8x12.jpeg 8w, https:\/\/obsessionminerale.com\/wp-content\/uploads\/2026\/02\/WhatsApp-Image-2026-02-26-at-21.16.02-1.jpeg 961w\" sizes=\"auto, (max-width: 648px) 100vw, 648px\" \/><figcaption class=\"wp-element-caption\">Archive canyoning Pierre Minvielle<\/figcaption><\/figure>\n<\/div>\n\n\n<p class=\"has-text-align-center\">Au cours des ann\u00e9es 1960, Pierre Minvielle approfondit ses explorations et s\u2019attaque aux <strong>grands canyons embl\u00e9matiques<\/strong> de la Sierra de Guara. Il r\u00e9alise notamment la premi\u00e8re des Estrechos du Balces, aujourd\u2019hui parcouru quotidiennement. <\/p>\n\n\n\n<p class=\"has-text-align-center\">Sp\u00e9l\u00e9ologue de formation, il applique \u00e0 ces canyons une approche in\u00e9dite, issue de sa propre pratique souterraine &#8211; progression \u00e0 contre-courant, remont\u00e9e de cascades, franchissement de chaos rocheux &#8211; et\u00a0 les moyens sont rudimentaires &#8211; cordes lourdes, \u00e9chelles de cordes, m\u00e2ts artisanaux en alu. Pour la petite histoire, Pierre ne savait pas nager (ou en tout cas nageait vraiment tr\u00e8s mal !) et les biefs &#8211; grande section de nage &#8211; parfois obligatoires \u00e9taient franchis par un bon nageur de l\u2019\u00e9quipe, souvent Jean-Marc Thuilleaux.<br><\/p>\n\n\n<div class=\"wp-block-image\">\n<figure class=\"aligncenter size-large\"><img loading=\"lazy\" decoding=\"async\" width=\"693\" height=\"1024\" src=\"https:\/\/obsessionminerale.com\/wp-content\/uploads\/2026\/02\/WhatsApp-Image-2026-02-26-at-21.15.58-693x1024.jpeg\" alt=\"peonera canyoning exploration\" class=\"wp-image-4259\" srcset=\"https:\/\/obsessionminerale.com\/wp-content\/uploads\/2026\/02\/WhatsApp-Image-2026-02-26-at-21.15.58-693x1024.jpeg 693w, https:\/\/obsessionminerale.com\/wp-content\/uploads\/2026\/02\/WhatsApp-Image-2026-02-26-at-21.15.58-203x300.jpeg 203w, https:\/\/obsessionminerale.com\/wp-content\/uploads\/2026\/02\/WhatsApp-Image-2026-02-26-at-21.15.58-768x1136.jpeg 768w, https:\/\/obsessionminerale.com\/wp-content\/uploads\/2026\/02\/WhatsApp-Image-2026-02-26-at-21.15.58-8x12.jpeg 8w, https:\/\/obsessionminerale.com\/wp-content\/uploads\/2026\/02\/WhatsApp-Image-2026-02-26-at-21.15.58.jpeg 957w\" sizes=\"auto, (max-width: 693px) 100vw, 693px\" \/><figcaption class=\"wp-element-caption\">Estrechos de Tamara dans la Peonera<\/figcaption><\/figure>\n<\/div>\n\n\n<p class=\"has-text-align-center\">Il r\u00e9alise, avec son \u00e9quipe, la premi\u00e8re descente, cette fois, du Rio Vero en bivouaquant dans les gorges et il d\u00e9montre qu\u2019elles peuvent, malgr\u00e9 leur encaissement et leur complexit\u00e9, \u00eatre parcourues dans leur continuit\u00e9. Cette exploration est racont\u00e9e dans son livre Rio Vero, <a href=\"https:\/\/www.fnac.com\/a4101170\/Pierre-Minvielle-Rio-Vero?awc=12665_1772177158_b54710c472aa518d22036afb7935616f&amp;eaf-creative=generiqueaff&amp;eaf-creativetype=1x1&amp;eaf-name=generiqueaff&amp;eaf-publisher=AWIN&amp;eseg-item=285065&amp;eseg-name=AWINID&amp;oref=45abecf2-b79e-389b-081e-b26877818573&amp;Origin=Awin285065&amp;sv_campaign_id=285065&amp;sv1=affiliate\" target=\"_blank\" rel=\"noopener\">disponible ici<\/a>.<\/p>\n\n\n<div class=\"wp-block-image\">\n<figure class=\"aligncenter size-full\"><a href=\"https:\/\/www.fnac.com\/a4101170\/Pierre-Minvielle-Rio-Vero?awc=12665_1772177158_b54710c472aa518d22036afb7935616f&amp;eaf-creative=generiqueaff&amp;eaf-creativetype=1x1&amp;eaf-name=generiqueaff&amp;eaf-publisher=AWIN&amp;eseg-item=285065&amp;eseg-name=AWINID&amp;oref=45abecf2-b79e-389b-081e-b26877818573&amp;Origin=Awin285065&amp;sv_campaign_id=285065&amp;sv1=affiliate\" target=\"_blank\" rel=\"noopener\"><img loading=\"lazy\" decoding=\"async\" width=\"416\" height=\"749\" src=\"https:\/\/obsessionminerale.com\/wp-content\/uploads\/2026\/02\/rio-vero.jpg\" alt=\"rio vero livre minvielle\" class=\"wp-image-4260\" srcset=\"https:\/\/obsessionminerale.com\/wp-content\/uploads\/2026\/02\/rio-vero.jpg 416w, https:\/\/obsessionminerale.com\/wp-content\/uploads\/2026\/02\/rio-vero-167x300.jpg 167w, https:\/\/obsessionminerale.com\/wp-content\/uploads\/2026\/02\/rio-vero-7x12.jpg 7w\" sizes=\"auto, (max-width: 416px) 100vw, 416px\" \/><\/a><figcaption class=\"wp-element-caption\">Rio Vero<\/figcaption><\/figure>\n<\/div>\n\n\n<p class=\"has-text-align-center\">L\u2019apport de Pierre Minvielle ne se limite pas \u00e0 l\u2019exploration. Il joue aussi un r\u00f4le cl\u00e9 dans la transmission : par ses \u00e9crits, ses r\u00e9cits de voyage et ses topos, il fait d\u00e9couvrir la Sierra de Guara \u00e0 un public plus large. Ses ouvrages et r\u00e9cits, \u00e0 la fois pr\u00e9cis et po\u00e9tiques, d\u00e9crivent les canyons, les villages isol\u00e9s, les habitants et questionnent la relation entre l\u2019homme et la nature dans cette atmosph\u00e8re singuli\u00e8re qu\u2019est la Sierra de Guara et ses paysages \u201cd\u00e9vastateurs de l\u2019\u00e2me\u201d. Il publie \u00e9galement des descriptions d\u2019itin\u00e9raires qui feront office de <strong>premiers topos<\/strong>, servant de r\u00e9f\u00e9rence aux g\u00e9n\u00e9rations suivantes de sp\u00e9l\u00e9ologues et de canyonistes.<\/p>\n\n\n<div class=\"wp-block-image\">\n<figure class=\"aligncenter size-large\"><img loading=\"lazy\" decoding=\"async\" width=\"1024\" height=\"643\" src=\"https:\/\/obsessionminerale.com\/wp-content\/uploads\/2026\/02\/WhatsApp-Image-2026-02-26-at-21.16.01-1024x643.jpeg\" alt=\"sierra de guara article canyon\" class=\"wp-image-4261\" srcset=\"https:\/\/obsessionminerale.com\/wp-content\/uploads\/2026\/02\/WhatsApp-Image-2026-02-26-at-21.16.01-1024x643.jpeg 1024w, https:\/\/obsessionminerale.com\/wp-content\/uploads\/2026\/02\/WhatsApp-Image-2026-02-26-at-21.16.01-300x188.jpeg 300w, https:\/\/obsessionminerale.com\/wp-content\/uploads\/2026\/02\/WhatsApp-Image-2026-02-26-at-21.16.01-768x482.jpeg 768w, https:\/\/obsessionminerale.com\/wp-content\/uploads\/2026\/02\/WhatsApp-Image-2026-02-26-at-21.16.01-18x12.jpeg 18w, https:\/\/obsessionminerale.com\/wp-content\/uploads\/2026\/02\/WhatsApp-Image-2026-02-26-at-21.16.01-1170x735.jpeg 1170w, https:\/\/obsessionminerale.com\/wp-content\/uploads\/2026\/02\/WhatsApp-Image-2026-02-26-at-21.16.01.jpeg 1389w\" sizes=\"auto, (max-width: 1024px) 100vw, 1024px\" \/><figcaption class=\"wp-element-caption\">Premiers articles sur la Sierra de Guara<\/figcaption><\/figure>\n<\/div>\n\n<div class=\"wp-block-image\">\n<figure class=\"aligncenter size-large\"><img loading=\"lazy\" decoding=\"async\" width=\"1024\" height=\"709\" src=\"https:\/\/obsessionminerale.com\/wp-content\/uploads\/2026\/02\/WhatsApp-Image-2026-02-26-at-21.16.01-1-1024x709.jpeg\" alt=\"article canyon sierra de guara\" class=\"wp-image-4262\" srcset=\"https:\/\/obsessionminerale.com\/wp-content\/uploads\/2026\/02\/WhatsApp-Image-2026-02-26-at-21.16.01-1-1024x709.jpeg 1024w, https:\/\/obsessionminerale.com\/wp-content\/uploads\/2026\/02\/WhatsApp-Image-2026-02-26-at-21.16.01-1-300x208.jpeg 300w, https:\/\/obsessionminerale.com\/wp-content\/uploads\/2026\/02\/WhatsApp-Image-2026-02-26-at-21.16.01-1-768x532.jpeg 768w, https:\/\/obsessionminerale.com\/wp-content\/uploads\/2026\/02\/WhatsApp-Image-2026-02-26-at-21.16.01-1-18x12.jpeg 18w, https:\/\/obsessionminerale.com\/wp-content\/uploads\/2026\/02\/WhatsApp-Image-2026-02-26-at-21.16.01-1-1170x811.jpeg 1170w, https:\/\/obsessionminerale.com\/wp-content\/uploads\/2026\/02\/WhatsApp-Image-2026-02-26-at-21.16.01-1.jpeg 1426w\" sizes=\"auto, (max-width: 1024px) 100vw, 1024px\" \/><figcaption class=\"wp-element-caption\">Premiers articles sur la Sierra de Guara et ses canyons<\/figcaption><\/figure>\n<\/div>\n\n\n<p class=\"has-text-align-center\">En mettant en lumi\u00e8re un territoire longtemps ignor\u00e9, il participe \u00e9galement \u00e0 son d\u00e9veloppement touristique raisonn\u00e9 et \u00e0 la prise de conscience de la n\u00e9cessit\u00e9 de pr\u00e9server ces milieux fragiles et c\u2019est en 1990 qu\u2019est cr\u00e9\u00e9 le Parc naturel de la Sierra de Guara qui encadre aujourd\u2019hui la pratique du canyoning tout en prot\u00e9geant l\u2019environnement. Une description humaine et po\u00e9tique de la Sierra de Guara \u00e0 l&rsquo;\u00e9poque de sa d\u00e9couverte, bien diff\u00e9rente de celle que l&rsquo;on connait aujourd&rsquo;hui, est faite dans son livre La Sierra Oubli\u00e9e. Celui-ci n&rsquo;est plus \u00e9dit\u00e9 mais vous pouvez vous le procurez, au tarif de 15\u20ac (hors frais de port), en \u00e9crivant ici : <a href=\"javascript:;\">contact@obsessionminerale.com<\/a><\/p>\n\n\n<div class=\"wp-block-image\">\n<figure class=\"aligncenter size-full\"><img loading=\"lazy\" decoding=\"async\" width=\"604\" height=\"1000\" src=\"https:\/\/obsessionminerale.com\/wp-content\/uploads\/2026\/02\/81FjGvb6QHL._AC_UF10001000_QL80_.jpg\" alt=\"couverture livre la Sierra oubli\u00e9e\" class=\"wp-image-4263\" srcset=\"https:\/\/obsessionminerale.com\/wp-content\/uploads\/2026\/02\/81FjGvb6QHL._AC_UF10001000_QL80_.jpg 604w, https:\/\/obsessionminerale.com\/wp-content\/uploads\/2026\/02\/81FjGvb6QHL._AC_UF10001000_QL80_-181x300.jpg 181w, https:\/\/obsessionminerale.com\/wp-content\/uploads\/2026\/02\/81FjGvb6QHL._AC_UF10001000_QL80_-7x12.jpg 7w\" sizes=\"auto, (max-width: 604px) 100vw, 604px\" \/><figcaption class=\"wp-element-caption\">La Sierra Oubli\u00e9e, Pierre Minvielle<\/figcaption><\/figure>\n<\/div>\n\n\n<p class=\"has-text-align-center\">Le village de <strong>Rodellar<\/strong> incarne aujourd\u2019hui l\u2019esprit du canyonisme et de l\u2019aventure. En hommage, une <strong>place porte d\u00e9sormais son nom<\/strong>. L\u2019inauguration de cette plaque date de&nbsp; 1979 et reconna\u00eet l\u2019homme qui, par sa curiosit\u00e9, son audace et sa plume, a r\u00e9v\u00e9l\u00e9 ces canyons au monde et contribu\u00e9 \u00e0 transformer une r\u00e9gion oubli\u00e9e en territoire de partage et de d\u00e9couverte en famille ou entre amis.<\/p>\n\n\n<div class=\"wp-block-image\">\n<figure class=\"aligncenter size-large\"><img loading=\"lazy\" decoding=\"async\" width=\"661\" height=\"1024\" src=\"https:\/\/obsessionminerale.com\/wp-content\/uploads\/2026\/02\/WhatsApp-Image-2026-02-26-at-21.15.57-661x1024.jpeg\" alt=\"article journal inauguration place pierre minvielle\" class=\"wp-image-4264\" srcset=\"https:\/\/obsessionminerale.com\/wp-content\/uploads\/2026\/02\/WhatsApp-Image-2026-02-26-at-21.15.57-661x1024.jpeg 661w, https:\/\/obsessionminerale.com\/wp-content\/uploads\/2026\/02\/WhatsApp-Image-2026-02-26-at-21.15.57-194x300.jpeg 194w, https:\/\/obsessionminerale.com\/wp-content\/uploads\/2026\/02\/WhatsApp-Image-2026-02-26-at-21.15.57-768x1190.jpeg 768w, https:\/\/obsessionminerale.com\/wp-content\/uploads\/2026\/02\/WhatsApp-Image-2026-02-26-at-21.15.57-8x12.jpeg 8w, https:\/\/obsessionminerale.com\/wp-content\/uploads\/2026\/02\/WhatsApp-Image-2026-02-26-at-21.15.57.jpeg 909w\" sizes=\"auto, (max-width: 661px) 100vw, 661px\" \/><figcaption class=\"wp-element-caption\">Inauguration Plaza Pierre Minvielle le 01\/11\/1979<\/figcaption><\/figure>\n<\/div>\n\n\n<p class=\"has-text-align-center\">D\u00e9sormais, sa fille, <a href=\"https:\/\/obsessionminerale.com\/es\/a-propos\/\">Caroline Minvielle<\/a>, troisi\u00e8me g\u00e9n\u00e9ration \u00e0 tomber amoureuse de la Sierra de Guara vous accueille au sein d\u2019Obsession Min\u00e9rale pour d\u00e9couvrir \u00e0 votre rythme ses joyaux de canyons. Ainsi, \u00e0 travers sa fille, l\u2019esprit d\u2019aventure et le respect de la nature qui animent le canyonisme moderne restent associ\u00e9s \u00e0 son nom et perdurent en Sierra de Guara.<\/p>\n\n\n<div class=\"wp-block-image\">\n<figure class=\"aligncenter size-large\"><img loading=\"lazy\" decoding=\"async\" width=\"576\" height=\"1024\" src=\"https:\/\/obsessionminerale.com\/wp-content\/uploads\/2026\/02\/IMG-20250806-WA02212-576x1024.jpg\" alt=\"encadrement canyoning Balcez\" class=\"wp-image-4265\" srcset=\"https:\/\/obsessionminerale.com\/wp-content\/uploads\/2026\/02\/IMG-20250806-WA02212-576x1024.jpg 576w, https:\/\/obsessionminerale.com\/wp-content\/uploads\/2026\/02\/IMG-20250806-WA02212-169x300.jpg 169w, https:\/\/obsessionminerale.com\/wp-content\/uploads\/2026\/02\/IMG-20250806-WA02212-768x1365.jpg 768w, https:\/\/obsessionminerale.com\/wp-content\/uploads\/2026\/02\/IMG-20250806-WA02212-864x1536.jpg 864w, https:\/\/obsessionminerale.com\/wp-content\/uploads\/2026\/02\/IMG-20250806-WA02212-1152x2048.jpg 1152w, https:\/\/obsessionminerale.com\/wp-content\/uploads\/2026\/02\/IMG-20250806-WA02212-7x12.jpg 7w, https:\/\/obsessionminerale.com\/wp-content\/uploads\/2026\/02\/IMG-20250806-WA02212-1170x2080.jpg 1170w, https:\/\/obsessionminerale.com\/wp-content\/uploads\/2026\/02\/IMG-20250806-WA02212-scaled.jpg 1440w\" sizes=\"auto, (max-width: 576px) 100vw, 576px\" \/><figcaption class=\"wp-element-caption\">Encadrement canyon Balcez<\/figcaption><\/figure>\n<\/div>\n\n\n<p class=\"has-text-align-center\">Si vous souhaitez d\u00e9couvrir le canyon ou l&rsquo;escalade en Sierra de Guara : <a href=\"https:\/\/obsessionminerale.com\/es\/rodellar-espagne\/\">c&rsquo;est par ici !<\/a><\/p>\n\n\n\n<p class=\"has-text-align-left\"><\/p>","protected":false},"excerpt":{"rendered":"","protected":false},"author":2,"featured_media":4277,"comment_status":"closed","ping_status":"closed","sticky":true,"template":"","format":"standard","meta":{"inline_featured_image":false,"footnotes":""},"categories":[50,54,52],"tags":[168,194,193,195,63],"class_list":["post-4255","post","type-post","status-publish","format-standard","has-post-thumbnail","hentry","category-aventure","category-falaise","category-grande-voie","tag-grande-voie","tag-performance","tag-progression","tag-stage","tag-voyage"],"_links":{"self":[{"href":"https:\/\/obsessionminerale.com\/es\/wp-json\/wp\/v2\/posts\/4255","targetHints":{"allow":["GET"]}}],"collection":[{"href":"https:\/\/obsessionminerale.com\/es\/wp-json\/wp\/v2\/posts"}],"about":[{"href":"https:\/\/obsessionminerale.com\/es\/wp-json\/wp\/v2\/types\/post"}],"author":[{"embeddable":true,"href":"https:\/\/obsessionminerale.com\/es\/wp-json\/wp\/v2\/users\/2"}],"replies":[{"embeddable":true,"href":"https:\/\/obsessionminerale.com\/es\/wp-json\/wp\/v2\/comments?post=4255"}],"version-history":[{"count":5,"href":"https:\/\/obsessionminerale.com\/es\/wp-json\/wp\/v2\/posts\/4255\/revisions"}],"predecessor-version":[{"id":4281,"href":"https:\/\/obsessionminerale.com\/es\/wp-json\/wp\/v2\/posts\/4255\/revisions\/4281"}],"wp:featuredmedia":[{"embeddable":true,"href":"https:\/\/obsessionminerale.com\/es\/wp-json\/wp\/v2\/media\/4277"}],"wp:attachment":[{"href":"https:\/\/obsessionminerale.com\/es\/wp-json\/wp\/v2\/media?parent=4255"}],"wp:term":[{"taxonomy":"category","embeddable":true,"href":"https:\/\/obsessionminerale.com\/es\/wp-json\/wp\/v2\/categories?post=4255"},{"taxonomy":"post_tag","embeddable":true,"href":"https:\/\/obsessionminerale.com\/es\/wp-json\/wp\/v2\/tags?post=4255"}],"curies":[{"name":"wp","href":"https:\/\/api.w.org\/{rel}","templated":true}]}}